{"id":201,"date":"2021-01-27T20:00:33","date_gmt":"2021-01-27T19:00:33","guid":{"rendered":"http:\/\/trousse-magique.com\/?p=201"},"modified":"2025-09-22T23:49:16","modified_gmt":"2025-09-22T21:49:16","slug":"bref-jose-pas-en-parler","status":"publish","type":"post","link":"https:\/\/trousse-magique.com\/index.php\/2021\/01\/27\/bref-jose-pas-en-parler\/","title":{"rendered":"Concours \u00ab\u00a0Non au harc\u00e8lement\u00a0\u00bb"},"content":{"rendered":"<p style=\"text-align: justify;\">\ud83c\udfc6 \ud83c\udf9e | Aujourd\u2019hui, je vous pr\u00e9sente un projet dont je suis tr\u00e8s fi\u00e8re : notre participation au concours \u00ab\u00a0Non au harc\u00e8lement\u00a0\u00bb.<\/p>\n<p style=\"text-align: center;\"><span style=\"font-size: 16px;\"><figure class=\"wp-block-embed wp-block-embed-youtube is-type-video is-provider-youtube epyt-figure\"><div class=\"wp-block-embed__wrapper\"><iframe loading=\"lazy\"  id=\"_ytid_47277\"  width=\"960\" height=\"540\"  data-origwidth=\"960\" data-origheight=\"540\" src=\"https:\/\/www.youtube.com\/embed\/t2iHAvWFC2A?enablejsapi=1&autoplay=0&cc_load_policy=0&cc_lang_pref=&iv_load_policy=1&loop=0&rel=1&fs=1&playsinline=0&autohide=2&theme=dark&color=red&controls=1&disablekb=0&\" class=\"__youtube_prefs__  no-lazyload\" title=\"YouTube player\"  allow=\"fullscreen; accelerometer; autoplay; clipboard-write; encrypted-media; gyroscope; picture-in-picture; web-share\" referrerpolicy=\"strict-origin-when-cross-origin\" allowfullscreen data-no-lazy=\"1\" data-skipgform_ajax_framebjll=\"\"><\/iframe><\/div><\/figure><\/span><\/p>\n<p style=\"text-align: justify;\">Dans un premier temps, en 2018, j\u2019ai mont\u00e9 un atelier court-m\u00e9trage durant la pause m\u00e9ridienne. L\u2019ensemble des \u00e9l\u00e8ves de l\u2019\u00e9tablissement de la cinqui\u00e8me \u00e0 la troisi\u00e8me \u00e9taient invit\u00e9s \u00e0 s\u2019inscrire. Nous avons ainsi \u00e9crit et tourn\u00e9 un \u00e9pisode parodique d&rsquo;une s\u00e9rie polici\u00e8re : <em>Les Experts \u00e0 Miami<\/em>. Nous avons ensuite particip\u00e9 \u00e0 un festival de polar, \u00ab Anguille sous Roche \u00bb. Il a \u00e9galement \u00e9t\u00e9 possible de diffuser notre film au cin\u00e9ma de Crest (26) pour l\u2019ensemble des \u00e9l\u00e8ves du coll\u00e8ge, en fin d\u2019ann\u00e9e.<\/p>\n<p style=\"text-align: justify;\">Lors de l\u2019ann\u00e9e 2019-2020, je d\u00e9cide de relancer l\u2019atelier avec de nouveaux \u00e9l\u00e8ves ! Tous tr\u00e8s motiv\u00e9s \u00e0 l\u2019id\u00e9e d\u2019\u00e9crire et de r\u00e9aliser un film. Nous avons particip\u00e9 cette fois-ci au concours \u00ab <a href=\"https:\/\/www.education.gouv.fr\/prix-non-au-harcelement-12137\">Non au harc\u00e8lement<\/a> \u00bb dans la cat\u00e9gorie \u00ab harc\u00e8lement sexiste et sexuel \u00bb. Il s&rsquo;agit d&rsquo;un concours organis\u00e9 chaque ann\u00e9e par le Minist\u00e8re de l\u2019Education Nationale. Ce projet nous a occup\u00e9 jusqu\u2019au premier confinement.<\/p>\n<p style=\"text-align: justify;\">Dans un premier temps, nous avons eu la joie d\u2019\u00eatre s\u00e9lectionn\u00e9s au niveau acad\u00e9mique, en mars 2019. Puis, en juin de la m\u00eame ann\u00e9e, nous avons appris notre victoire aux nationales. Je ne sais pourquoi mais notre vid\u00e9o appara\u00eet sur l\u2019<a href=\"https:\/\/www.instagram.com\/tv\/CCGd66-qNnx\/?utm_source=ig_web_copy_link\">Instagram<\/a> et le <a href=\"https:\/\/www.facebook.com\/watch\/?v=563285314345675\">Facebook<\/a> du Minist\u00e8re de l\u2019Education Nationale, mais pas sur Youtube&#8230; Je me suis donc charg\u00e9e de la publier en attendant que cette erreur soit r\u00e9par\u00e9e (ou pas).<\/p>\n<p style=\"text-align: justify;\">N\u2019h\u00e9sitez pas \u00e0 me dire ce que vous en pensez ! Avez-vous d\u00e9j\u00e0 particip\u00e9 \u00e0 ce concours ? Si oui, pensez \u00e0 me partager en commentaire le lien de votre vid\u00e9o !<\/p>\n<hr \/>\n<p style=\"text-align: center;\"><span style=\"color: #cca7a7;\"><small>\u00a9\u00a0<strong>Trousse-Magique &#8211; tous droits r\u00e9serv\u00e9s (marque d\u00e9pos\u00e9e)<\/strong>.<\/small><\/span><\/p>\n","protected":false},"excerpt":{"rendered":"<p>\ud83c\udfc6 \ud83c\udf9e | Aujourd\u2019hui, je vous pr\u00e9sente un projet dont je suis tr\u00e8s fi\u00e8re : notre participation au concours \u00ab\u00a0Non au harc\u00e8lement\u00a0\u00bb. Dans un premier temps, en 2018, j\u2019ai mont\u00e9 un atelier court-m\u00e9trage durant la pause m\u00e9ridienne. L\u2019ensemble des \u00e9l\u00e8ves de l\u2019\u00e9tablissement de la cinqui\u00e8me \u00e0 la troisi\u00e8me \u00e9taient invit\u00e9s \u00e0 s\u2019inscrire. Nous avons ainsi \u00e9crit et tourn\u00e9 un \u00e9pisode parodique d&rsquo;une s\u00e9rie polici\u00e8re : Les Experts \u00e0 Miami. Nous avons ensuite particip\u00e9 \u00e0 un festival de polar, \u00ab Anguille sous Roche \u00bb. Il a \u00e9galement \u00e9t\u00e9 possible de diffuser notre film au cin\u00e9ma de Crest (26) pour l\u2019ensemble des \u00e9l\u00e8ves du coll\u00e8ge, en fin d\u2019ann\u00e9e. Lors de l\u2019ann\u00e9e 2019-2020, je d\u00e9cide de relancer l\u2019atelier avec de nouveaux \u00e9l\u00e8ves ! Tous tr\u00e8s motiv\u00e9s \u00e0 l\u2019id\u00e9e d\u2019\u00e9crire et de r\u00e9aliser un film. Nous avons particip\u00e9 cette fois-ci au concours \u00ab Non au harc\u00e8lement \u00bb dans la cat\u00e9gorie \u00ab harc\u00e8lement sexiste et sexuel \u00bb. Il s&rsquo;agit d&rsquo;un concours organis\u00e9 chaque ann\u00e9e par le Minist\u00e8re de l\u2019Education Nationale. Ce projet nous a occup\u00e9 jusqu\u2019au premier confinement. Dans un premier temps, nous avons eu la joie d\u2019\u00eatre s\u00e9lectionn\u00e9s au niveau acad\u00e9mique, en mars 2019. Puis, en juin de la m\u00eame ann\u00e9e, nous avons appris notre victoire aux nationales. Je ne sais pourquoi mais notre vid\u00e9o appara\u00eet sur l\u2019Instagram et le Facebook du Minist\u00e8re de l\u2019Education Nationale, mais pas sur Youtube&#8230; Je me suis donc charg\u00e9e de la publier en attendant que cette erreur soit r\u00e9par\u00e9e (ou pas). N\u2019h\u00e9sitez pas \u00e0 me dire ce que vous en pensez ! Avez-vous d\u00e9j\u00e0 particip\u00e9 \u00e0 ce concours ? Si oui, pensez \u00e0 me partager en commentaire le lien de votre vid\u00e9o ! \u00a9\u00a0Trousse-Magique &#8211; tous droits r\u00e9serv\u00e9s (marque d\u00e9pos\u00e9e).<\/p>\n","protected":false},"author":1,"featured_media":212,"comment_status":"closed","ping_status":"open","sticky":false,"template":"","format":"standard","meta":{"_monsterinsights_skip_tracking":false,"_monsterinsights_sitenote_active":false,"_monsterinsights_sitenote_note":"","_monsterinsights_sitenote_category":0,"footnotes":""},"categories":[9,33],"tags":[96],"class_list":["post-201","post","type-post","status-publish","format-standard","has-post-thumbnail","hentry","category-cinema","category-projets","tag-court-metrage"],"yoast_head":"<!-- This site is optimized with the Yoast SEO plugin v24.9 - https:\/\/yoast.com\/wordpress\/plugins\/seo\/ -->\n<title>Concours &quot;Non au harc\u00e8lement&quot; - Trousse Magique<\/title>\n<meta name=\"description\" content=\"\ud83c\udfc6 \ud83c\udf9e | Je vous pr\u00e9sente le court-m\u00e9trage &quot;Bref, j&#039;ose pas en parler&quot;, r\u00e9alis\u00e9 lors de notre participation au concours &quot;Non au harc\u00e8lement&quot;.\" \/>\n<meta name=\"robots\" content=\"index, follow, max-snippet:-1, max-image-preview:large, max-video-preview:-1\" \/>\n<link rel=\"canonical\" href=\"https:\/\/trousse-magique.com\/index.php\/2021\/01\/27\/bref-jose-pas-en-parler\/\" \/>\n<meta property=\"og:locale\" content=\"fr_FR\" \/>\n<meta property=\"og:type\" content=\"article\" \/>\n<meta property=\"og:title\" content=\"Concours &quot;Non au harc\u00e8lement&quot; - Trousse Magique\" \/>\n<meta property=\"og:description\" content=\"\ud83c\udfc6 \ud83c\udf9e | Je vous pr\u00e9sente le court-m\u00e9trage &quot;Bref, j&#039;ose pas en parler&quot;, r\u00e9alis\u00e9 lors de notre participation au concours &quot;Non au harc\u00e8lement&quot;.\" \/>\n<meta property=\"og:url\" content=\"https:\/\/trousse-magique.com\/index.php\/2021\/01\/27\/bref-jose-pas-en-parler\/\" \/>\n<meta property=\"og:site_name\" content=\"Trousse Magique\" \/>\n<meta property=\"article:published_time\" content=\"2021-01-27T19:00:33+00:00\" \/>\n<meta property=\"article:modified_time\" content=\"2025-09-22T21:49:16+00:00\" \/>\n<meta property=\"og:image\" content=\"https:\/\/trousse-magique.com\/wp-content\/uploads\/2021\/01\/A965C271-7587-447D-8494-506EB5096DDD-scaled.jpeg\" \/>\n\t<meta property=\"og:image:width\" content=\"2560\" \/>\n\t<meta property=\"og:image:height\" content=\"1440\" \/>\n\t<meta property=\"og:image:type\" content=\"image\/jpeg\" \/>\n<meta name=\"author\" content=\"Trousse magique\" \/>\n<meta name=\"twitter:card\" content=\"summary_large_image\" \/>\n<meta name=\"twitter:label1\" content=\"\u00c9crit par\" \/>\n\t<meta name=\"twitter:data1\" content=\"Trousse magique\" \/>\n\t<meta name=\"twitter:label2\" content=\"Dur\u00e9e de lecture estim\u00e9e\" \/>\n\t<meta name=\"twitter:data2\" content=\"2 minutes\" \/>\n<script type=\"application\/ld+json\" class=\"yoast-schema-graph\">{\"@context\":\"https:\/\/schema.org\",\"@graph\":[{\"@type\":\"WebPage\",\"@id\":\"https:\/\/trousse-magique.com\/index.php\/2021\/01\/27\/bref-jose-pas-en-parler\/\",\"url\":\"https:\/\/trousse-magique.com\/index.php\/2021\/01\/27\/bref-jose-pas-en-parler\/\",\"name\":\"Concours \\\"Non au harc\u00e8lement\\\" - Trousse Magique\",\"isPartOf\":{\"@id\":\"https:\/\/trousse-magique.com\/#website\"},\"primaryImageOfPage\":{\"@id\":\"https:\/\/trousse-magique.com\/index.php\/2021\/01\/27\/bref-jose-pas-en-parler\/#primaryimage\"},\"image\":{\"@id\":\"https:\/\/trousse-magique.com\/index.php\/2021\/01\/27\/bref-jose-pas-en-parler\/#primaryimage\"},\"thumbnailUrl\":\"https:\/\/trousse-magique.com\/wp-content\/uploads\/2021\/01\/A965C271-7587-447D-8494-506EB5096DDD-scaled.jpeg\",\"datePublished\":\"2021-01-27T19:00:33+00:00\",\"dateModified\":\"2025-09-22T21:49:16+00:00\",\"author\":{\"@id\":\"https:\/\/trousse-magique.com\/#\/schema\/person\/6a99070d51f2c8193487f9d71080fc88\"},\"description\":\"\ud83c\udfc6 \ud83c\udf9e | Je vous pr\u00e9sente le court-m\u00e9trage \\\"Bref, j'ose pas en parler\\\", r\u00e9alis\u00e9 lors de notre participation au concours \\\"Non au harc\u00e8lement\\\".\",\"breadcrumb\":{\"@id\":\"https:\/\/trousse-magique.com\/index.php\/2021\/01\/27\/bref-jose-pas-en-parler\/#breadcrumb\"},\"inLanguage\":\"fr-FR\",\"potentialAction\":[{\"@type\":\"ReadAction\",\"target\":[\"https:\/\/trousse-magique.com\/index.php\/2021\/01\/27\/bref-jose-pas-en-parler\/\"]}]},{\"@type\":\"ImageObject\",\"inLanguage\":\"fr-FR\",\"@id\":\"https:\/\/trousse-magique.com\/index.php\/2021\/01\/27\/bref-jose-pas-en-parler\/#primaryimage\",\"url\":\"https:\/\/trousse-magique.com\/wp-content\/uploads\/2021\/01\/A965C271-7587-447D-8494-506EB5096DDD-scaled.jpeg\",\"contentUrl\":\"https:\/\/trousse-magique.com\/wp-content\/uploads\/2021\/01\/A965C271-7587-447D-8494-506EB5096DDD-scaled.jpeg\",\"width\":2560,\"height\":1440},{\"@type\":\"BreadcrumbList\",\"@id\":\"https:\/\/trousse-magique.com\/index.php\/2021\/01\/27\/bref-jose-pas-en-parler\/#breadcrumb\",\"itemListElement\":[{\"@type\":\"ListItem\",\"position\":1,\"name\":\"Accueil\",\"item\":\"https:\/\/trousse-magique.com\/\"},{\"@type\":\"ListItem\",\"position\":2,\"name\":\"Concours \u00ab\u00a0Non au harc\u00e8lement\u00a0\u00bb\"}]},{\"@type\":\"WebSite\",\"@id\":\"https:\/\/trousse-magique.com\/#website\",\"url\":\"https:\/\/trousse-magique.com\/\",\"name\":\"Trousse Magique\",\"description\":\"Ma bo\u00eete \u00e0 outils\",\"potentialAction\":[{\"@type\":\"SearchAction\",\"target\":{\"@type\":\"EntryPoint\",\"urlTemplate\":\"https:\/\/trousse-magique.com\/?s={search_term_string}\"},\"query-input\":{\"@type\":\"PropertyValueSpecification\",\"valueRequired\":true,\"valueName\":\"search_term_string\"}}],\"inLanguage\":\"fr-FR\"},{\"@type\":\"Person\",\"@id\":\"https:\/\/trousse-magique.com\/#\/schema\/person\/6a99070d51f2c8193487f9d71080fc88\",\"name\":\"Trousse magique\",\"image\":{\"@type\":\"ImageObject\",\"inLanguage\":\"fr-FR\",\"@id\":\"https:\/\/trousse-magique.com\/#\/schema\/person\/image\/\",\"url\":\"https:\/\/trousse-magique.com\/wp-content\/uploads\/2025\/09\/Purple-Black-and-White-Cool-Creative-LinkedIn-Profile-Picture-1-150x150.png\",\"contentUrl\":\"https:\/\/trousse-magique.com\/wp-content\/uploads\/2025\/09\/Purple-Black-and-White-Cool-Creative-LinkedIn-Profile-Picture-1-150x150.png\",\"caption\":\"Trousse magique\"},\"sameAs\":[\"http:\/\/trousse-magique.com\"],\"url\":\"https:\/\/trousse-magique.com\/index.php\/author\/admin8371\/\"}]}<\/script>\n<!-- \/ Yoast SEO plugin. -->","yoast_head_json":{"title":"Concours \"Non au harc\u00e8lement\" - Trousse Magique","description":"\ud83c\udfc6 \ud83c\udf9e | Je vous pr\u00e9sente le court-m\u00e9trage \"Bref, j'ose pas en parler\", r\u00e9alis\u00e9 lors de notre participation au concours \"Non au harc\u00e8lement\".","robots":{"index":"index","follow":"follow","max-snippet":"max-snippet:-1","max-image-preview":"max-image-preview:large","max-video-preview":"max-video-preview:-1"},"canonical":"https:\/\/trousse-magique.com\/index.php\/2021\/01\/27\/bref-jose-pas-en-parler\/","og_locale":"fr_FR","og_type":"article","og_title":"Concours \"Non au harc\u00e8lement\" - Trousse Magique","og_description":"\ud83c\udfc6 \ud83c\udf9e | Je vous pr\u00e9sente le court-m\u00e9trage \"Bref, j'ose pas en parler\", r\u00e9alis\u00e9 lors de notre participation au concours \"Non au harc\u00e8lement\".","og_url":"https:\/\/trousse-magique.com\/index.php\/2021\/01\/27\/bref-jose-pas-en-parler\/","og_site_name":"Trousse Magique","article_published_time":"2021-01-27T19:00:33+00:00","article_modified_time":"2025-09-22T21:49:16+00:00","og_image":[{"width":2560,"height":1440,"url":"https:\/\/trousse-magique.com\/wp-content\/uploads\/2021\/01\/A965C271-7587-447D-8494-506EB5096DDD-scaled.jpeg","type":"image\/jpeg"}],"author":"Trousse magique","twitter_card":"summary_large_image","twitter_misc":{"\u00c9crit par":"Trousse magique","Dur\u00e9e de lecture estim\u00e9e":"2 minutes"},"schema":{"@context":"https:\/\/schema.org","@graph":[{"@type":"WebPage","@id":"https:\/\/trousse-magique.com\/index.php\/2021\/01\/27\/bref-jose-pas-en-parler\/","url":"https:\/\/trousse-magique.com\/index.php\/2021\/01\/27\/bref-jose-pas-en-parler\/","name":"Concours \"Non au harc\u00e8lement\" - Trousse Magique","isPartOf":{"@id":"https:\/\/trousse-magique.com\/#website"},"primaryImageOfPage":{"@id":"https:\/\/trousse-magique.com\/index.php\/2021\/01\/27\/bref-jose-pas-en-parler\/#primaryimage"},"image":{"@id":"https:\/\/trousse-magique.com\/index.php\/2021\/01\/27\/bref-jose-pas-en-parler\/#primaryimage"},"thumbnailUrl":"https:\/\/trousse-magique.com\/wp-content\/uploads\/2021\/01\/A965C271-7587-447D-8494-506EB5096DDD-scaled.jpeg","datePublished":"2021-01-27T19:00:33+00:00","dateModified":"2025-09-22T21:49:16+00:00","author":{"@id":"https:\/\/trousse-magique.com\/#\/schema\/person\/6a99070d51f2c8193487f9d71080fc88"},"description":"\ud83c\udfc6 \ud83c\udf9e | Je vous pr\u00e9sente le court-m\u00e9trage \"Bref, j'ose pas en parler\", r\u00e9alis\u00e9 lors de notre participation au concours \"Non au harc\u00e8lement\".","breadcrumb":{"@id":"https:\/\/trousse-magique.com\/index.php\/2021\/01\/27\/bref-jose-pas-en-parler\/#breadcrumb"},"inLanguage":"fr-FR","potentialAction":[{"@type":"ReadAction","target":["https:\/\/trousse-magique.com\/index.php\/2021\/01\/27\/bref-jose-pas-en-parler\/"]}]},{"@type":"ImageObject","inLanguage":"fr-FR","@id":"https:\/\/trousse-magique.com\/index.php\/2021\/01\/27\/bref-jose-pas-en-parler\/#primaryimage","url":"https:\/\/trousse-magique.com\/wp-content\/uploads\/2021\/01\/A965C271-7587-447D-8494-506EB5096DDD-scaled.jpeg","contentUrl":"https:\/\/trousse-magique.com\/wp-content\/uploads\/2021\/01\/A965C271-7587-447D-8494-506EB5096DDD-scaled.jpeg","width":2560,"height":1440},{"@type":"BreadcrumbList","@id":"https:\/\/trousse-magique.com\/index.php\/2021\/01\/27\/bref-jose-pas-en-parler\/#breadcrumb","itemListElement":[{"@type":"ListItem","position":1,"name":"Accueil","item":"https:\/\/trousse-magique.com\/"},{"@type":"ListItem","position":2,"name":"Concours \u00ab\u00a0Non au harc\u00e8lement\u00a0\u00bb"}]},{"@type":"WebSite","@id":"https:\/\/trousse-magique.com\/#website","url":"https:\/\/trousse-magique.com\/","name":"Trousse Magique","description":"Ma bo\u00eete \u00e0 outils","potentialAction":[{"@type":"SearchAction","target":{"@type":"EntryPoint","urlTemplate":"https:\/\/trousse-magique.com\/?s={search_term_string}"},"query-input":{"@type":"PropertyValueSpecification","valueRequired":true,"valueName":"search_term_string"}}],"inLanguage":"fr-FR"},{"@type":"Person","@id":"https:\/\/trousse-magique.com\/#\/schema\/person\/6a99070d51f2c8193487f9d71080fc88","name":"Trousse magique","image":{"@type":"ImageObject","inLanguage":"fr-FR","@id":"https:\/\/trousse-magique.com\/#\/schema\/person\/image\/","url":"https:\/\/trousse-magique.com\/wp-content\/uploads\/2025\/09\/Purple-Black-and-White-Cool-Creative-LinkedIn-Profile-Picture-1-150x150.png","contentUrl":"https:\/\/trousse-magique.com\/wp-content\/uploads\/2025\/09\/Purple-Black-and-White-Cool-Creative-LinkedIn-Profile-Picture-1-150x150.png","caption":"Trousse magique"},"sameAs":["http:\/\/trousse-magique.com"],"url":"https:\/\/trousse-magique.com\/index.php\/author\/admin8371\/"}]}},"views":1723,"jetpack_featured_media_url":"https:\/\/trousse-magique.com\/wp-content\/uploads\/2021\/01\/A965C271-7587-447D-8494-506EB5096DDD-scaled.jpeg","_links":{"self":[{"href":"https:\/\/trousse-magique.com\/index.php\/wp-json\/wp\/v2\/posts\/201","targetHints":{"allow":["GET"]}}],"collection":[{"href":"https:\/\/trousse-magique.com\/index.php\/wp-json\/wp\/v2\/posts"}],"about":[{"href":"https:\/\/trousse-magique.com\/index.php\/wp-json\/wp\/v2\/types\/post"}],"author":[{"embeddable":true,"href":"https:\/\/trousse-magique.com\/index.php\/wp-json\/wp\/v2\/users\/1"}],"replies":[{"embeddable":true,"href":"https:\/\/trousse-magique.com\/index.php\/wp-json\/wp\/v2\/comments?post=201"}],"version-history":[{"count":9,"href":"https:\/\/trousse-magique.com\/index.php\/wp-json\/wp\/v2\/posts\/201\/revisions"}],"predecessor-version":[{"id":1006,"href":"https:\/\/trousse-magique.com\/index.php\/wp-json\/wp\/v2\/posts\/201\/revisions\/1006"}],"wp:featuredmedia":[{"embeddable":true,"href":"https:\/\/trousse-magique.com\/index.php\/wp-json\/wp\/v2\/media\/212"}],"wp:attachment":[{"href":"https:\/\/trousse-magique.com\/index.php\/wp-json\/wp\/v2\/media?parent=201"}],"wp:term":[{"taxonomy":"category","embeddable":true,"href":"https:\/\/trousse-magique.com\/index.php\/wp-json\/wp\/v2\/categories?post=201"},{"taxonomy":"post_tag","embeddable":true,"href":"https:\/\/trousse-magique.com\/index.php\/wp-json\/wp\/v2\/tags?post=201"}],"curies":[{"name":"wp","href":"https:\/\/api.w.org\/{rel}","templated":true}]}}